{"id":2851,"date":"2022-04-11T07:22:56","date_gmt":"2022-04-11T07:22:56","guid":{"rendered":"https:\/\/electoralsupportprogramme.mk\/?p=2851"},"modified":"2022-07-12T07:02:06","modified_gmt":"2022-07-12T07:02:06","slug":"%d0%bf%d0%be%d0%b7%d0%b8%d1%82%d0%b8%d0%b2%d0%bd%d0%b8%d0%be%d1%82-%d1%82%d1%80%d0%b5%d0%bd%d0%b4-%d0%bd%d0%b0-%d0%bf%d1%80%d0%b5%d0%b7%d0%b5%d0%bd%d1%82%d0%b0%d1%86%d0%b8%d0%b8-%d0%b8-%d0%b4%d0%b8","status":"publish","type":"post","link":"https:\/\/electoralsupportprogramme.mk\/sq\/%d0%bf%d0%be%d0%b7%d0%b8%d1%82%d0%b8%d0%b2%d0%bd%d0%b8%d0%be%d1%82-%d1%82%d1%80%d0%b5%d0%bd%d0%b4-%d0%bd%d0%b0-%d0%bf%d1%80%d0%b5%d0%b7%d0%b5%d0%bd%d1%82%d0%b0%d1%86%d0%b8%d0%b8-%d0%b8-%d0%b4%d0%b8\/","title":{"rendered":"Prezantimet dhe shp\u00ebrndarja e Raportit Demografik sh\u00ebnon rritje vertikale"},"content":{"rendered":"<p>Q\u00eb nga shtatori i vitit t\u00eb kaluar e deri m\u00eb sot n\u00eb t\u00eb gjith\u00eb vendin u b\u00ebn\u00eb nj\u00eb s\u00ebr\u00eb prezantimesh t\u00eb Raportit p\u00ebr ndikimin e faktor\u00ebve demografik\u00eb n\u00eb pjes\u00ebmarrjen e qytetar\u00ebve n\u00eb jet\u00ebn publike dhe edukimin e votuesve, si pjes\u00eb e projektit \u201cMb\u00ebshtetje p\u00ebr Reformat Zgjedhore\u201d. Ky dokument p\u00ebrmban nj\u00eb baz\u00eb t\u00eb madhe t\u00eb dh\u00ebnash, t\u00eb paraprir\u00eb nga k\u00ebrkime rigoroze t\u00eb bazuara n\u00eb prova, t\u00eb cilat ofrojn\u00eb t\u00eb dh\u00ebna unike mbi t\u00eb anketuarit dhe njohuri p\u00ebr prioritetet, kufizimet dhe faktor\u00ebt motivues t\u00eb zgjedh\u00ebsve p\u00ebr 13 profile demografike.<\/p>\n<p>N\u00eb shtator t\u00eb vitit 2021, Raporti u prezantua p\u00ebr her\u00eb t\u00eb par\u00eb n\u00eb Shkup, Manastir, Tetov\u00eb dhe Veles, nd\u00ebrsa prezantimet vazhduan edhe k\u00ebt\u00eb vit. Vet\u00ebm n\u00eb mars prezantime t\u00eb suksesshme u zhvilluan n\u00eb Strug\u00eb, Sveti Nikoll\u00eb, Kumanov\u00eb dhe Shkup, dhe n\u00eb fillim t\u00eb prillit n\u00eb Tetov\u00eb, ku mor\u00ebn pjes\u00eb p\u00ebrfaq\u00ebsues t\u00eb vet\u00ebqeverisjes lokale, k\u00ebshillave komunal\u00eb, organizatave t\u00eb grave, partive politike, medias, OJQ-ve, aktivist\u00eb t\u00eb rinj, mobilizues t\u00eb organizatave, organizata t\u00eb t\u00eb rinjve dhe organizata t\u00eb tjera t\u00eb shoq\u00ebris\u00eb civile.<br \/>\n<figure id=\"attachment_2853\" aria-describedby=\"caption-attachment-2853\" style=\"width: 640px\" class=\"wp-caption alignnone\"><img loading=\"lazy\" decoding=\"async\" src=\"https:\/\/electoralsupportprogramme.mk\/wp-content\/uploads\/2022\/04\/IMG_20220406_112339-706x1024.jpg\" alt=\"\" width=\"640\" height=\"928\" class=\"size-large wp-image-2853\" srcset=\"https:\/\/electoralsupportprogramme.mk\/wp-content\/uploads\/2022\/04\/IMG_20220406_112339-706x1024.jpg 706w, https:\/\/electoralsupportprogramme.mk\/wp-content\/uploads\/2022\/04\/IMG_20220406_112339-207x300.jpg 207w, https:\/\/electoralsupportprogramme.mk\/wp-content\/uploads\/2022\/04\/IMG_20220406_112339-768x1114.jpg 768w, https:\/\/electoralsupportprogramme.mk\/wp-content\/uploads\/2022\/04\/IMG_20220406_112339-60x87.jpg 60w, https:\/\/electoralsupportprogramme.mk\/wp-content\/uploads\/2022\/04\/IMG_20220406_112339-1059x1536.jpg 1059w, https:\/\/electoralsupportprogramme.mk\/wp-content\/uploads\/2022\/04\/IMG_20220406_112339-1412x2048.jpg 1412w, https:\/\/electoralsupportprogramme.mk\/wp-content\/uploads\/2022\/04\/IMG_20220406_112339-scaled.jpg 1765w\" sizes=\"(max-width: 640px) 100vw, 640px\" \/><figcaption id=\"caption-attachment-2853\" class=\"wp-caption-text\">dav<\/figcaption><\/figure><\/p>\n<p>Pjes\u00ebmarr\u00ebsit n\u00eb k\u00ebto sesione interaktive nj\u00ebz\u00ebri p\u00ebrsh\u00ebndet\u00ebn natyr\u00ebn gjith\u00ebp\u00ebrfshir\u00ebse dhe r\u00ebnd\u00ebsin\u00eb e Raportit, si dhe potencialin e tij, i cili do t\u00eb sh\u00ebrbej\u00eb si nj\u00eb mjet q\u00eb opsionet politike mund ta p\u00ebrdorin p\u00ebr t\u00eb arritur deri tek qytetar\u00ebt dhe p\u00ebr t\u00eb krijuar programet e tyre. P\u00ebrfshirja shoq\u00ebrore e t\u00eb rinjve u theksua si nj\u00eb nga aspektet m\u00eb t\u00eb r\u00ebnd\u00ebsishme p\u00ebr nxitjen e pjes\u00ebmarrjes s\u00eb grupeve t\u00eb ndryshme t\u00eb qytetar\u00ebve.  Pastaj, integrim i barabart\u00eb i bashk\u00ebsive t\u00eb ndryshme etnike, rritja e nd\u00ebrveprimit me vendbanimet rurale brenda komunave. Theksi u vu gjithashtu mbi promovimin e shembujve pozitiv\u00eb q\u00eb vler\u00ebsohen nga komuniteti, si barazia gjinore, p\u00ebrfshirja, arsimi, t\u00eb drejtat e njeriut, sh\u00ebndeti, cil\u00ebsia m\u00eb e mir\u00eb e jet\u00ebs dhe prosperiteti.<br \/>\nS\u00eb fundmi, Raporti p\u00ebrpara forumeve rinore t\u00eb 26 partive politike n\u00eb vend, si dhe n\u00eb nj\u00eb tubim t\u00eb p\u00ebrfaq\u00ebsuesve t\u00eb medias kryesore n\u00eb vend.<br \/>\nN\u00eb prezantimet e lartp\u00ebrmendura t\u00eb Raportit mor\u00ebn pjes\u00eb 108 pjes\u00ebmarr\u00ebs. N\u00eb faqen e Facebook-ut t\u00eb projektit \u201cMb\u00ebshtetje p\u00ebr Reformat Zgjedhore\u201d dhe n\u00eb faqen ton\u00eb, deri m\u00eb tani rreth Raportit Demografik jan\u00eb informuar mbi 880 qytetar\u00eb.<br \/>\n<img loading=\"lazy\" decoding=\"async\" src=\"https:\/\/electoralsupportprogramme.mk\/wp-content\/uploads\/2022\/04\/IMG-6c212544be9eaab4bc75c4305f5625c8-V-1024x768.jpg\" alt=\"\" width=\"640\" height=\"480\" class=\"alignnone size-large wp-image-2854\" srcset=\"https:\/\/electoralsupportprogramme.mk\/wp-content\/uploads\/2022\/04\/IMG-6c212544be9eaab4bc75c4305f5625c8-V-1024x768.jpg 1024w, https:\/\/electoralsupportprogramme.mk\/wp-content\/uploads\/2022\/04\/IMG-6c212544be9eaab4bc75c4305f5625c8-V-300x225.jpg 300w, https:\/\/electoralsupportprogramme.mk\/wp-content\/uploads\/2022\/04\/IMG-6c212544be9eaab4bc75c4305f5625c8-V-768x576.jpg 768w, https:\/\/electoralsupportprogramme.mk\/wp-content\/uploads\/2022\/04\/IMG-6c212544be9eaab4bc75c4305f5625c8-V-60x45.jpg 60w, https:\/\/electoralsupportprogramme.mk\/wp-content\/uploads\/2022\/04\/IMG-6c212544be9eaab4bc75c4305f5625c8-V-1536x1152.jpg 1536w, https:\/\/electoralsupportprogramme.mk\/wp-content\/uploads\/2022\/04\/IMG-6c212544be9eaab4bc75c4305f5625c8-V.jpg 1600w\" sizes=\"(max-width: 640px) 100vw, 640px\" \/><\/p>\n<p>Ky raport \u00ebsht\u00eb rezultat i nj\u00eb hulumtimi demografik gjith\u00ebp\u00ebrfshir\u00ebs dhe rigoroz t\u00eb kategorive t\u00eb ndryshme t\u00eb votuesve, rreth prioriteteve, kufizimeve dhe faktor\u00ebve motivues. P\u00ebrfshin gjetje dhe propozime konkrete se si t\u00eb p\u00ebrmir\u00ebsohet pjes\u00ebmarrja qytetare e votuesve dhe efektiviteti i fushatave p\u00ebr edukimin e votuesve dhe qytetar\u00ebve dhe ofron modalitete alternative p\u00ebr angazhimin e votuesve dhe rritjen e pjes\u00ebmarrjes s\u00eb tyre n\u00eb proceset politike, dhe jo vet\u00ebm n\u00eb dit\u00ebn e zgjedhjeve.<\/p>\n<p><\/p>","protected":false},"excerpt":{"rendered":"<p>Q\u00eb nga shtatori i vitit t\u00eb kaluar e deri m\u00eb sot n\u00eb t\u00eb gjith\u00eb vendin u b\u00ebn\u00eb nj\u00eb s\u00ebr\u00eb prezantimesh t\u00eb Raportit p\u00ebr ndikimin e faktor\u00ebve demografik\u00eb n\u00eb pjes\u00ebmarrjen e qytetar\u00ebve n\u00eb jet\u00ebn publike dhe edukimin e votuesve, si pjes\u00eb e projektit \u201cMb\u00ebshtetje p\u00ebr Reformat Zgjedhore\u201d. Ky dokument p\u00ebrmban nj\u00eb baz\u00eb t\u00eb madhe t\u00eb dh\u00ebnash, [&hellip;]<\/p>\n","protected":false},"author":2,"featured_media":2852,"comment_status":"open","ping_status":"open","sticky":false,"template":"","format":"standard","meta":{"footnotes":""},"categories":[12,86,9],"tags":[],"class_list":["post-2851","post","type-post","status-publish","format-standard","has-post-thumbnail","hentry","category-analysis-publications-products","category-strengthened-institutions-conduct-fair-and-efficient-election-process","category-community-mobilizers"],"acf":[],"_links":{"self":[{"href":"https:\/\/electoralsupportprogramme.mk\/sq\/wp-json\/wp\/v2\/posts\/2851"}],"collection":[{"href":"https:\/\/electoralsupportprogramme.mk\/sq\/wp-json\/wp\/v2\/posts"}],"about":[{"href":"https:\/\/electoralsupportprogramme.mk\/sq\/wp-json\/wp\/v2\/types\/post"}],"author":[{"embeddable":true,"href":"https:\/\/electoralsupportprogramme.mk\/sq\/wp-json\/wp\/v2\/users\/2"}],"replies":[{"embeddable":true,"href":"https:\/\/electoralsupportprogramme.mk\/sq\/wp-json\/wp\/v2\/comments?post=2851"}],"version-history":[{"count":3,"href":"https:\/\/electoralsupportprogramme.mk\/sq\/wp-json\/wp\/v2\/posts\/2851\/revisions"}],"predecessor-version":[{"id":3142,"href":"https:\/\/electoralsupportprogramme.mk\/sq\/wp-json\/wp\/v2\/posts\/2851\/revisions\/3142"}],"wp:featuredmedia":[{"embeddable":true,"href":"https:\/\/electoralsupportprogramme.mk\/sq\/wp-json\/wp\/v2\/media\/2852"}],"wp:attachment":[{"href":"https:\/\/electoralsupportprogramme.mk\/sq\/wp-json\/wp\/v2\/media?parent=2851"}],"wp:term":[{"taxonomy":"category","embeddable":true,"href":"https:\/\/electoralsupportprogramme.mk\/sq\/wp-json\/wp\/v2\/categories?post=2851"},{"taxonomy":"post_tag","embeddable":true,"href":"https:\/\/electoralsupportprogramme.mk\/sq\/wp-json\/wp\/v2\/tags?post=2851"}],"curies":[{"name":"wp","href":"https:\/\/api.w.org\/{rel}","templated":true}]}}